{"id":286,"date":"2009-10-07T21:29:08","date_gmt":"2009-10-07T20:29:08","guid":{"rendered":"http:\/\/soch.cz\/blog\/?p=286"},"modified":"2009-10-07T21:32:20","modified_gmt":"2009-10-07T20:32:20","slug":"open-space-diskuze-na-webexpu-vse-co-jste-kdy-chteli-vedet-o-agilnich-metodach","status":"publish","type":"post","link":"https:\/\/soch.cz\/blog\/management\/agile\/open-space-diskuze-na-webexpu-vse-co-jste-kdy-chteli-vedet-o-agilnich-metodach\/","title":{"rendered":"Open space diskuze na WebExpu: V\u0161e, co jste kdy cht\u011bli v\u011bd\u011bt o agiln\u00edch metod\u00e1ch&#8230;"},"content":{"rendered":"<p>R\u00e1da bych V\u00e1s pozvala na <a href=\"http:\/\/webexpo.cz\/\">WebExpo 2009<\/a>, kde po\u0159\u00e1d\u00e1me s <a href=\"http:\/\/www.agilnikonsorcium.cz\/\">Agiln\u00edm konsorciem<\/a> open space diskuzi:<\/p>\n<p><em>V\u0161e, co jste kdy cht\u011bli v\u011bd\u011bt o agiln\u00edch metod\u00e1ch*<\/em><\/p>\n<p>P\u0159ij\u010fte se n\u011bco dozv\u011bd\u011bt o agiln\u00edch metod\u00e1ch, popov\u00eddat si, zapojit se do diskuze.<br \/>\nA m\u00e1te-li ji\u017e te\u010f n\u011bjak\u00e9 ot\u00e1zky, sta\u010d\u00ed je p\u0159idat jako koment\u00e1\u0159 pod \u010dl\u00e1nek. R\u00e1di odpov\u00edme.<\/p>\n<p>Diskuze se bude konat v <strong>sobotu 17. \u0159\u00edjna 2009 od 14:15 <\/strong>v prostor\u00e1ch kon\u00e1n\u00ed konference WebExpo (viz let\u00e1\u010dky na m\u00edst\u011b). A pov\u00eddat si s v\u00e1mi budu j\u00e1, tedy Zuzi \u0160ochov\u00e1 (CERTICON), Petr Olmer (GoodData) a Andrej Zachar (SimpleWay).<\/p>\n<p>___<br \/>\n* ale b\u00e1li jste se zeptat<\/p>\n","protected":false},"excerpt":{"rendered":"<p>R\u00e1da bych V\u00e1s pozvala na WebExpo 2009, kde po\u0159\u00e1d\u00e1me s Agiln\u00edm konsorciem open space diskuzi: V\u0161e, co jste kdy cht\u011bli v\u011bd\u011bt o agiln\u00edch metod\u00e1ch* P\u0159ij\u010fte se n\u011bco dozv\u011bd\u011bt o agiln\u00edch metod\u00e1ch, popov\u00eddat si, zapojit se do diskuze. A m\u00e1te-li ji\u017e te\u010f n\u011bjak\u00e9 ot\u00e1zky, sta\u010d\u00ed je p\u0159idat jako koment\u00e1\u0159 pod \u010dl\u00e1nek. R\u00e1di odpov\u00edme. Diskuze se bude &hellip; <a href=\"https:\/\/soch.cz\/blog\/management\/agile\/open-space-diskuze-na-webexpu-vse-co-jste-kdy-chteli-vedet-o-agilnich-metodach\/\" class=\"more-link\">Continue reading<span class=\"screen-reader-text\"> &#8220;Open space diskuze na WebExpu: V\u0161e, co jste kdy cht\u011bli v\u011bd\u011bt o agiln\u00edch metod\u00e1ch&#8230;&#8221;<\/span><\/a><\/p>\n","protected":false},"author":1,"featured_media":0,"comment_status":"open","ping_status":"closed","sticky":false,"template":"","format":"standard","meta":[],"categories":[6],"tags":[272,47],"aioseo_notices":[],"_links":{"self":[{"href":"https:\/\/soch.cz\/blog\/wp-json\/wp\/v2\/posts\/286"}],"collection":[{"href":"https:\/\/soch.cz\/blog\/wp-json\/wp\/v2\/posts"}],"about":[{"href":"https:\/\/soch.cz\/blog\/wp-json\/wp\/v2\/types\/post"}],"author":[{"embeddable":true,"href":"https:\/\/soch.cz\/blog\/wp-json\/wp\/v2\/users\/1"}],"replies":[{"embeddable":true,"href":"https:\/\/soch.cz\/blog\/wp-json\/wp\/v2\/comments?post=286"}],"version-history":[{"count":0,"href":"https:\/\/soch.cz\/blog\/wp-json\/wp\/v2\/posts\/286\/revisions"}],"wp:attachment":[{"href":"https:\/\/soch.cz\/blog\/wp-json\/wp\/v2\/media?parent=286"}],"wp:term":[{"taxonomy":"category","embeddable":true,"href":"https:\/\/soch.cz\/blog\/wp-json\/wp\/v2\/categories?post=286"},{"taxonomy":"post_tag","embeddable":true,"href":"https:\/\/soch.cz\/blog\/wp-json\/wp\/v2\/tags?post=286"}],"curies":[{"name":"wp","href":"https:\/\/api.w.org\/{rel}","templated":true}]}}