{"id":306,"date":"2010-09-28T17:29:32","date_gmt":"2010-09-28T16:29:32","guid":{"rendered":"http:\/\/soch.cz\/blog\/?p=306"},"modified":"2010-09-28T17:29:32","modified_gmt":"2010-09-28T16:29:32","slug":"co-mi-prineslo-webexpo-2010-%e2%80%93-cast-2","status":"publish","type":"post","link":"https:\/\/soch.cz\/blog\/management\/agile\/co-mi-prineslo-webexpo-2010-%e2%80%93-cast-2\/","title":{"rendered":"Co mi p\u0159ineslo WebExpo 2010 \u2013 \u010d\u00e1st 2"},"content":{"rendered":"<p>Abych pokra\u010dovala v na\u010dat\u00e9m <a href=\"http:\/\/soch.cz\/blog\/management\/agile\/co-mi-prineslo-webexpo-2010-%E2%80%93-cast-1\/\">popisu<\/a> Agiln\u00ed sekce WebExpa kterou jsem po\u0159\u00e1dala:<\/p>\n<p>Hodn\u011b speaker\u016f se zam\u011b\u0159ovalo na proces u\u010den\u00ed, proto\u017ee bez u\u010den\u00ed se nem\u016f\u017eete zlep\u0161it, a nechcete-li se u\u010dit, nem\u00e1 smysl d\u011blat retrospektivu, b\u00fdt iterativn\u00ed, v podstat\u011b ani b\u00fdt agiln\u00ed. <a href=\"http:\/\/be.linkedin.com\/in\/yveshanoulle\/\">Yves<\/a> \u0159\u00edkal, \u017ee na to, abyste byli v n\u011b\u010dem opravdu dob\u0159\u00ed, pot\u0159ebujete 10 000 hodin tr\u00e9ningu. Ani sportovci se nestanou hv\u011bzdami p\u0159es noc. Mus\u00ed se u\u010dit a zkou\u0161et to znovu a znovu. A retrospektiva je ide\u00e1ln\u00edm n\u00e1strojem na u\u010den\u00ed se.<\/p>\n<p>Kdy\u017e m\u00e1te stabiln\u00ed t\u00fdm, ve kter\u00e9m v\u0161e funguje a retrospektiva za\u010d\u00edn\u00e1 b\u00fdt nudn\u00e1, vezm\u011bte na Va\u0161i retrospektivu managera \u010di extern\u00edho z\u00e1kazn\u00edka. T\u0159eba zjist\u00edte, \u017ee z jejich pohledu u\u017e to tak skv\u011ble nefunguje, a \u017ee se st\u00e1le m\u00e1te co u\u010dit a v \u010dem se zlep\u0161ovat.<\/p>\n<p>M\u00e1te-li probl\u00e9m, \u017ee ne v\u0161ichni se do retrospektivy zapojuj\u00ed, za\u0159i\u010fte, a\u0165 v\u0161ichni mus\u00ed promluvit b\u011bhem prvn\u00edch 5minut retrospektivy. Bude pro m\u011b pak snaz\u0161\u00ed se zapojit.<\/p>\n<p>M\u011bjte respekt k t\u011bm, co tam nejsou, v\u017edycky bude n\u011bkdo chyb\u011bt a p\u0159\u00ed\u0161t\u011b to m\u016f\u017eete b\u00fdt i Vy.<\/p>\n<p>A posledn\u00ed dobr\u00e1 rada k retrospektiv\u011b, jedn\u00edm z dobr\u00fdch n\u00e1pad\u016f je \u0159\u00edct n\u011bco dobr\u00e9ho o kolegovi. M\u016f\u017ee to b\u00fdt to snaz\u0161\u00ed, ne\u017e chv\u00e1lit s\u00e1m sebe a p\u0159inese to retrospektiv\u011b nov\u00fd rozm\u011br.<\/p>\n","protected":false},"excerpt":{"rendered":"<p>Abych pokra\u010dovala v na\u010dat\u00e9m popisu Agiln\u00ed sekce WebExpa kterou jsem po\u0159\u00e1dala: Hodn\u011b speaker\u016f se zam\u011b\u0159ovalo na proces u\u010den\u00ed, proto\u017ee bez u\u010den\u00ed se nem\u016f\u017eete zlep\u0161it, a nechcete-li se u\u010dit, nem\u00e1 smysl d\u011blat retrospektivu, b\u00fdt iterativn\u00ed, v podstat\u011b ani b\u00fdt agiln\u00ed. Yves \u0159\u00edkal, \u017ee na to, abyste byli v n\u011b\u010dem opravdu dob\u0159\u00ed, pot\u0159ebujete 10 000 hodin tr\u00e9ningu. &hellip; <a href=\"https:\/\/soch.cz\/blog\/management\/agile\/co-mi-prineslo-webexpo-2010-%e2%80%93-cast-2\/\" class=\"more-link\">Continue reading<span class=\"screen-reader-text\"> &#8220;Co mi p\u0159ineslo WebExpo 2010 \u2013 \u010d\u00e1st 2&#8221;<\/span><\/a><\/p>\n","protected":false},"author":1,"featured_media":0,"comment_status":"open","ping_status":"closed","sticky":false,"template":"","format":"standard","meta":[],"categories":[6],"tags":[272,54,7,10,58],"aioseo_notices":[],"_links":{"self":[{"href":"https:\/\/soch.cz\/blog\/wp-json\/wp\/v2\/posts\/306"}],"collection":[{"href":"https:\/\/soch.cz\/blog\/wp-json\/wp\/v2\/posts"}],"about":[{"href":"https:\/\/soch.cz\/blog\/wp-json\/wp\/v2\/types\/post"}],"author":[{"embeddable":true,"href":"https:\/\/soch.cz\/blog\/wp-json\/wp\/v2\/users\/1"}],"replies":[{"embeddable":true,"href":"https:\/\/soch.cz\/blog\/wp-json\/wp\/v2\/comments?post=306"}],"version-history":[{"count":0,"href":"https:\/\/soch.cz\/blog\/wp-json\/wp\/v2\/posts\/306\/revisions"}],"wp:attachment":[{"href":"https:\/\/soch.cz\/blog\/wp-json\/wp\/v2\/media?parent=306"}],"wp:term":[{"taxonomy":"category","embeddable":true,"href":"https:\/\/soch.cz\/blog\/wp-json\/wp\/v2\/categories?post=306"},{"taxonomy":"post_tag","embeddable":true,"href":"https:\/\/soch.cz\/blog\/wp-json\/wp\/v2\/tags?post=306"}],"curies":[{"name":"wp","href":"https:\/\/api.w.org\/{rel}","templated":true}]}}