{"id":308,"date":"2010-10-01T21:49:39","date_gmt":"2010-10-01T20:49:39","guid":{"rendered":"http:\/\/soch.cz\/blog\/?p=308"},"modified":"2010-10-01T21:51:25","modified_gmt":"2010-10-01T20:51:25","slug":"co-mi-prineslo-webexpo-2010-%e2%80%93-cast-3","status":"publish","type":"post","link":"https:\/\/soch.cz\/blog\/management\/agile\/co-mi-prineslo-webexpo-2010-%e2%80%93-cast-3\/","title":{"rendered":"Co mi p\u0159ineslo WebExpo 2010 \u2013 \u010d\u00e1st 3"},"content":{"rendered":"<p>WebExpo, tedy agiln\u00ed sekce konference o kter\u00e9 te\u010f voln\u011b p\u00ed\u0161u z\u00e1\u017eitky, mi p\u0159ineslo i p\u0159ekvapen\u00ed, \u017ee n\u011bkte\u0159\u00ed z p\u0159edn\u00e1\u0161ej\u00edc\u00edch berou agiln\u00ed praktiky velmi striktn\u011b. T\u0159eba Boris \u0159\u00edkal, \u017ee ScrumMastera prost\u011b mus\u00edte m\u00edt na full time na projektu. Zd\u016fvodn\u011bn\u00ed d\u00e1valo smysl, \u0159\u00edkal, \u017ee ScrumMaster zefektivn\u00ed t\u00fdm o v\u00edce jak 100% a tedy se ta investice hned zaplat\u00ed. Ov\u0161em jeho odpov\u011b\u010f na ot\u00e1zku co d\u011blat kdy\u017e m\u00e1m mal\u00fd t\u00fdm \u2013 radil, \u017ee m\u00e1m dva t\u00fdmy pracuj\u00edc\u00ed pro r\u016fzn\u00e9 z\u00e1kazn\u00edky spojit do jednoho \u2013 mi u\u017e \u00fapln\u011b realistick\u00e1 nep\u0159ipadala. P\u016fsobilo to hodn\u011b procesn\u011b orientovan\u00e9, bez ohledu na realitu. Ide\u00e1ln\u00ed sv\u011bt neexistuje. Je dobr\u00e9 zn\u00e1t ide\u00e1ln\u00ed \u0159e\u0161en\u00ed, ale je dobr\u00e9 ho i upravit kdy\u017e toto ide\u00e1ln\u00ed \u0159e\u0161en\u00ed z n\u011bjak\u00e9ho d\u016fvodu nelze pou\u017e\u00edt. Asi mi byl bli\u017e\u0161\u00ed p\u0159\u00edstup Davida, kter\u00fd \u0159\u00edkal, \u017ee kdy\u017e praktikujete stand-up meeting, rozum\u00edte jeho c\u00edl\u016fm, v\u00edte jak se m\u00e1 d\u011blat, ale nep\u0159in\u00e1\u0161\u00ed v\u00e1m o\u010dek\u00e1vanou hodnotu, tak je pro V\u00e1s mo\u017en\u00e1 lep\u0161\u00ed ho ned\u011blat v\u016fbec, proto\u017ee t\u0159eba nen\u00ed pro V\u00e1s.<\/p>\n<p>Odhl\u00e9dneme-li od sp\u00ed\u0161e filozofick\u00e9 diskuze jestli se mus\u00edme sp\u00ed\u0161e my p\u0159izp\u016fsobit praktik\u00e1m, \u010di rad\u011bj p\u0159izp\u016fsobit praktiky, Boris vysv\u011btloval pom\u011brn\u011b \u010dasto zmi\u0148ovan\u00fd probl\u00e9m co d\u011blat s t\u00edm, \u017ee n\u011bkter\u00e9 \u00falohy pot\u0159ebuj\u00ed nejprve strategicky rozmyslet a teprve potom se m\u016f\u017eou implementovat. N\u00e1sleduj\u00edc\u00ed obr\u00e1zek ukazuje, jak se na danou problematiku m\u016f\u017eete d\u00edvat z pohledu velocity.  Jednou z mo\u017enost\u00ed je samoz\u0159ejm\u011b ohodnotit i tyto strategick\u00e9 pr\u00e1ce, ale na druhou stranu, to \u017ee jeden den rozm\u00fd\u0161l\u00edte co d\u00e1l, nem\u00e1 pro z\u00e1kazn\u00edka \u017e\u00e1dnou konkr\u00e9tn\u00ed prezentovatelnou hodnotu. A tedy je t\u011b\u017ek\u00e9 to n\u011bjak ohodnotit. Proto m\u011b zaujal princip navr\u017een\u00fd Borisem, kter\u00fd doporu\u010doval po\u010d\u00edtat jen hodnotu pro features (zelen\u00e1) a nikoli hodnotu kterou jsme v\u011bnovali strategick\u00e9mu rozva\u017eov\u00e1n\u00ed co a jak d\u00e1l. N\u00e1sleduj\u00edc\u00ed obr\u00e1zek ukazuje, co m\u00e1m na mysli.<\/p>\n<p><a href=\"http:\/\/soch.cz\/blog\/wp-content\/uploads\/2010\/10\/StrategicAspects-Velocity.jpg\"><img loading=\"lazy\" src=\"http:\/\/soch.cz\/blog\/wp-content\/uploads\/2010\/10\/StrategicAspects-Velocity-300x233.jpg\" alt=\"StrategicAspects-Velocity\" title=\"StrategicAspects-Velocity\" width=\"300\" height=\"233\" class=\"alignnone size-medium wp-image-307\" srcset=\"https:\/\/soch.cz\/blog\/wp-content\/uploads\/2010\/10\/StrategicAspects-Velocity-300x233.jpg 300w, https:\/\/soch.cz\/blog\/wp-content\/uploads\/2010\/10\/StrategicAspects-Velocity.jpg 600w\" sizes=\"(max-width: 300px) 85vw, 300px\" \/><\/a><\/p>\n<p>Na z\u00e1v\u011br dod\u00e1v\u00e1m, \u017ee se chyst\u00e1m na Borisem veden\u00fd certifika\u010dn\u00ed kurz CPO \u2013 tedy Certified Product Owner, a jsem tedy docela zv\u011bdav\u00e1, co mi takov\u00fd kurz p\u0159inese. Ale o tom zase p\u0159\u00ed\u0161t\u011b.<\/p>\n","protected":false},"excerpt":{"rendered":"<p>WebExpo, tedy agiln\u00ed sekce konference o kter\u00e9 te\u010f voln\u011b p\u00ed\u0161u z\u00e1\u017eitky, mi p\u0159ineslo i p\u0159ekvapen\u00ed, \u017ee n\u011bkte\u0159\u00ed z p\u0159edn\u00e1\u0161ej\u00edc\u00edch berou agiln\u00ed praktiky velmi striktn\u011b. T\u0159eba Boris \u0159\u00edkal, \u017ee ScrumMastera prost\u011b mus\u00edte m\u00edt na full time na projektu. Zd\u016fvodn\u011bn\u00ed d\u00e1valo smysl, \u0159\u00edkal, \u017ee ScrumMaster zefektivn\u00ed t\u00fdm o v\u00edce jak 100% a tedy se ta investice hned &hellip; <a href=\"https:\/\/soch.cz\/blog\/management\/agile\/co-mi-prineslo-webexpo-2010-%e2%80%93-cast-3\/\" class=\"more-link\">Continue reading<span class=\"screen-reader-text\"> &#8220;Co mi p\u0159ineslo WebExpo 2010 \u2013 \u010d\u00e1st 3&#8221;<\/span><\/a><\/p>\n","protected":false},"author":1,"featured_media":0,"comment_status":"open","ping_status":"closed","sticky":false,"template":"","format":"standard","meta":[],"categories":[6],"tags":[272,57,7,60],"aioseo_notices":[],"_links":{"self":[{"href":"https:\/\/soch.cz\/blog\/wp-json\/wp\/v2\/posts\/308"}],"collection":[{"href":"https:\/\/soch.cz\/blog\/wp-json\/wp\/v2\/posts"}],"about":[{"href":"https:\/\/soch.cz\/blog\/wp-json\/wp\/v2\/types\/post"}],"author":[{"embeddable":true,"href":"https:\/\/soch.cz\/blog\/wp-json\/wp\/v2\/users\/1"}],"replies":[{"embeddable":true,"href":"https:\/\/soch.cz\/blog\/wp-json\/wp\/v2\/comments?post=308"}],"version-history":[{"count":0,"href":"https:\/\/soch.cz\/blog\/wp-json\/wp\/v2\/posts\/308\/revisions"}],"wp:attachment":[{"href":"https:\/\/soch.cz\/blog\/wp-json\/wp\/v2\/media?parent=308"}],"wp:term":[{"taxonomy":"category","embeddable":true,"href":"https:\/\/soch.cz\/blog\/wp-json\/wp\/v2\/categories?post=308"},{"taxonomy":"post_tag","embeddable":true,"href":"https:\/\/soch.cz\/blog\/wp-json\/wp\/v2\/tags?post=308"}],"curies":[{"name":"wp","href":"https:\/\/api.w.org\/{rel}","templated":true}]}}