{"id":937,"date":"2019-03-15T14:39:08","date_gmt":"2019-03-15T13:39:08","guid":{"rendered":"http:\/\/soch.cz\/blog\/?p=937"},"modified":"2019-03-15T15:51:52","modified_gmt":"2019-03-15T14:51:52","slug":"kam-se-jit-podivat","status":"publish","type":"post","link":"https:\/\/soch.cz\/blog\/konference\/kam-se-jit-podivat\/","title":{"rendered":"Kam se j\u00edt pod\u00edvat"},"content":{"rendered":"<p>\u010casto se m\u011b n\u011bkdo pt\u00e1, kam se m\u00e1 j\u00edt pod\u00edvat, kde je vid\u011bt dobr\u00e1 agiln\u00ed firma. Tento t\u00fdden jsem byla na Business Agility konferenci v New Yorku a co m\u011b zaujalo, byla case-study z Air Asia. Ale ne\u0159\u00edk\u00e1m to ani tak proto, \u017ee se tam m\u00e1te j\u00edt pod\u00edvat, ale proto\u017ee ide\u00e1ln\u00ed m\u00edsto, kde podobn\u00e9 casestudies sly\u0161et, je konference. <a href=\"https:\/\/businessagility.institute\/attend\/business-agility-conference-13-14-march-2019-new-york-city\/\">Business Agility v NYC<\/a> bude zase za rok. V\u0159ele doporu\u010duji si cestu sem napl\u00e1novat. J\u00e1 si ji ur\u010dit\u011b nenech\u00e1m uj\u00edt \ud83d\ude42<\/p>\n<p><img loading=\"lazy\" class=\"alignnone size-medium wp-image-939\" style=\"color: #000000;\" src=\"http:\/\/soch.cz\/blog\/wp-content\/uploads\/2019\/03\/2019-03-15-09.35.17-300x224.jpg\" alt=\"Frederic Ducros at Business Agility Conference NYC\" width=\"300\" height=\"224\" srcset=\"https:\/\/soch.cz\/blog\/wp-content\/uploads\/2019\/03\/2019-03-15-09.35.17-300x224.jpg 300w, https:\/\/soch.cz\/blog\/wp-content\/uploads\/2019\/03\/2019-03-15-09.35.17.jpg 851w\" sizes=\"(max-width: 300px) 85vw, 300px\" \/><\/p>\n<p>V Evrop\u011b bude v kv\u011bnu prvn\u00ed Evropsk\u00e1 <a href=\"https:\/\/businessagility.institute\/attend\/business-agility-vienna-20-21-may-2019-austria\/\">Business Agility konference ve V\u00eddni<\/a>. Tak m\u016f\u017eete zkusit tu.<\/p>\n<p>Anebo se p\u0159ij\u00edt pod\u00edvat na <a href=\"https:\/\/agileprague.com\">Agile Prague Conference<\/a>, kde mimo jin\u00e9 ka\u017ed\u00fd rok zazn\u00ed n\u011bkolik zaj\u00edmav\u00fdch casestudies z\u00a0organizac\u00ed v\u00a0bl\u00edzk\u00e9m okol\u00ed.<\/p>\n<p>V\u0161echny t\u0159i akce maj\u00ed jedno spole\u010dn\u00e9, d\u00e1vaj\u00ed prostor konverzaci mezi \u00fa\u010dastn\u00edky. Business Agility konference maj\u00ed t\u00fdm zku\u0161en\u00fdch facilit\u00e1tor\u016f, kte\u0159\u00ed se staraj\u00ed o to, aby konverzace byla p\u0159\u00ednosem a opravdovou \u201cdeep dive\u201c zku\u0161enost\u00ed prohlubuj\u00edc\u00ed z\u00e1\u017eitek z\u00a0konference, Agile Prague stav\u00ed na konceptu <a href=\"https:\/\/agileprague.com\/open-space-783.htm\">openspace<\/a>.<\/p>\n<p><img loading=\"lazy\" class=\"alignnone size-medium wp-image-938\" src=\"http:\/\/soch.cz\/blog\/wp-content\/uploads\/2019\/03\/2019-03-13-07.08.36-300x71.jpg\" alt=\"Facilitators of Business Agility Conference \" width=\"300\" height=\"71\" srcset=\"https:\/\/soch.cz\/blog\/wp-content\/uploads\/2019\/03\/2019-03-13-07.08.36-300x71.jpg 300w, https:\/\/soch.cz\/blog\/wp-content\/uploads\/2019\/03\/2019-03-13-07.08.36-1024x242.jpg 1024w, https:\/\/soch.cz\/blog\/wp-content\/uploads\/2019\/03\/2019-03-13-07.08.36-900x213.jpg 900w\" sizes=\"(max-width: 300px) 85vw, 300px\" \/><\/p>\n<p>V\u0161echny t\u0159i akce maj\u00ed je\u0161t\u011b jedno spole\u010dn\u00e9, b\u00fdvaj\u00ed vyprodan\u00e9. Tak si zajist\u011bte l\u00edstky v\u010das.<\/p>\n<p>&nbsp;<\/p>\n","protected":false},"excerpt":{"rendered":"<p>\u010casto se m\u011b n\u011bkdo pt\u00e1, kam se m\u00e1 j\u00edt pod\u00edvat, kde je vid\u011bt dobr\u00e1 agiln\u00ed firma. Tento t\u00fdden jsem byla na Business Agility konferenci v New Yorku a co m\u011b zaujalo, byla case-study z Air Asia. Ale ne\u0159\u00edk\u00e1m to ani tak proto, \u017ee se tam m\u00e1te j\u00edt pod\u00edvat, ale proto\u017ee ide\u00e1ln\u00ed m\u00edsto, kde podobn\u00e9 casestudies &hellip; <a href=\"https:\/\/soch.cz\/blog\/konference\/kam-se-jit-podivat\/\" class=\"more-link\">Continue reading<span class=\"screen-reader-text\"> &#8220;Kam se j\u00edt pod\u00edvat&#8221;<\/span><\/a><\/p>\n","protected":false},"author":1,"featured_media":0,"comment_status":"closed","ping_status":"closed","sticky":false,"template":"","format":"standard","meta":[],"categories":[44],"tags":[272,241,127,200,223,275],"aioseo_notices":[],"_links":{"self":[{"href":"https:\/\/soch.cz\/blog\/wp-json\/wp\/v2\/posts\/937"}],"collection":[{"href":"https:\/\/soch.cz\/blog\/wp-json\/wp\/v2\/posts"}],"about":[{"href":"https:\/\/soch.cz\/blog\/wp-json\/wp\/v2\/types\/post"}],"author":[{"embeddable":true,"href":"https:\/\/soch.cz\/blog\/wp-json\/wp\/v2\/users\/1"}],"replies":[{"embeddable":true,"href":"https:\/\/soch.cz\/blog\/wp-json\/wp\/v2\/comments?post=937"}],"version-history":[{"count":0,"href":"https:\/\/soch.cz\/blog\/wp-json\/wp\/v2\/posts\/937\/revisions"}],"wp:attachment":[{"href":"https:\/\/soch.cz\/blog\/wp-json\/wp\/v2\/media?parent=937"}],"wp:term":[{"taxonomy":"category","embeddable":true,"href":"https:\/\/soch.cz\/blog\/wp-json\/wp\/v2\/categories?post=937"},{"taxonomy":"post_tag","embeddable":true,"href":"https:\/\/soch.cz\/blog\/wp-json\/wp\/v2\/tags?post=937"}],"curies":[{"name":"wp","href":"https:\/\/api.w.org\/{rel}","templated":true}]}}